{"id":339,"date":"2026-08-31T14:05:29","date_gmt":"2026-08-31T14:05:29","guid":{"rendered":"https:\/\/www.przyjaciolmkola.pl\/?p=339"},"modified":"2026-08-31T14:07:59","modified_gmt":"2026-08-31T14:07:59","slug":"spacerownik-po-kole-i-okolicy","status":"publish","type":"post","link":"https:\/\/www.przyjaciolmkola.pl\/index.php\/2026\/08\/31\/spacerownik-po-kole-i-okolicy\/","title":{"rendered":"Spacerownik po Kole i okolicy"},"content":{"rendered":"\n<p class=\"wp-block-paragraph\">Jakie tajemnice skrywaj\u0105 uliczki, zau\u0142ki i ukryte podw\u00f3rka Ko\u0142a? Poznaj je na nowo z drugim, rozszerzonym wydaniem przewodnika!<\/p>\n\n\n\n<p class=\"wp-block-paragraph\">W nowej edycji czeka na Ciebie a\u017c <strong>16 wyj\u0105tkowych szlak\u00f3w<\/strong> \u2013 6 tras miejskich oraz 10 gotowych plan\u00f3w na 1-dniowe wycieczki po ca\u0142ym powiecie kolskim.<\/p>\n\n\n\n<p class=\"wp-block-paragraph\">W samym Kole ruszysz \u015bladami \u015bredniowiecza, dawnych mieszka\u0144c\u00f3w wyznania ewangelickiego i \u017cydowskiego oraz pisarki Stanis\u0142awy Fleszerowej-Muskat. Poznasz te\u017c trudne dzieje okupacyjnego Wartbr\u00fccken oraz klimatyczne aleje zabytkowego Cmentarza Parafialnego. Wyprawy po powiecie zabior\u0105 Ci\u0119 do podziemi K\u0142odawy, roma\u0144skiego Ko\u015bcielca, gotyckiego Przedcza oraz nad urokliwe Jezioro Brdowskie. Odkryjesz prehistoryczne grobowce w Wietrzychowicach, szlacheckie zamki w Borys\u0142awicach i Chodowie oraz Bogumi\u0142owe \u015bcie\u017cki w Dobrowie. Pod\u0105\u017cysz \u015bladami Chopina, Paulin\u00f3w i Poli Negri, zanurzaj\u0105c si\u0119 w przyrodzie doliny Neru, miejscu refleksji w Che\u0142mnie i malowniczych parkach pa\u0142acowych.<\/p>\n\n\n\n<p class=\"wp-block-paragraph\">To idealna okazja, by zachwyci\u0107 si\u0119 okoliczn\u0105 przyrod\u0105, odkry\u0107 mniej znane zak\u0105tki i spojrze\u0107 na swoj\u0105 ma\u0142\u0105 ojczyzn\u0119 oczami turysty!<\/p>\n\n\n\n<p class=\"wp-block-paragraph\">\ud83d\udccd <strong>Kiedy:<\/strong> Dzi\u015b, 31 sierpnia 2026 r., godz. 16:30<\/p>\n\n\n\n<p class=\"wp-block-paragraph\">\ud83d\udccd <strong>Gdzie:<\/strong> Czytelnia MiPBP w Kole, ul. Kolejowa 19<\/p>\n\n\n\n<p class=\"wp-block-paragraph\">Chwy\u0107 przewodnik w d\u0142o\u0144, zaplanuj rodzinny wypad i daj si\u0119 pozytywnie zaskoczy\u0107.<\/p>\n\n\n\n<p class=\"wp-block-paragraph\"><a href=\"http:\/\/www.przyjaciolmkola.pl\/wp-content\/uploads\/2026\/08\/spacerownik-v2-2026.pdf\">Spacerownik do pobrania<\/a><\/p>\n\n\n\n<p class=\"wp-block-paragraph\"><em>Zadanie publiczne o tytule: \u201eSpacerownik po Kole i okolicy\u201d wsp\u00f3\u0142finansowane jest przez Starostwo Powiatowe w Kole.<\/em><\/p>\n","protected":false},"excerpt":{"rendered":"<p>Jakie tajemnice skrywaj\u0105 uliczki, zau\u0142ki i ukryte podw\u00f3rka Ko\u0142a? Poznaj je na nowo z drugim, rozszerzonym wydaniem przewodnika! W nowej edycji czeka na Ciebie a\u017c 16 wyj\u0105tkowych szlak\u00f3w \u2013 6 tras miejskich oraz 10 gotowych plan\u00f3w na 1-dniowe wycieczki po ca\u0142ym powiecie kolskim. W samym Kole ruszysz \u015bladami \u015bredniowiecza, dawnych mieszka\u0144c\u00f3w wyznania ewangelickiego i \u017cydowskiego&hellip; <a class=\"more-link\" href=\"https:\/\/www.przyjaciolmkola.pl\/index.php\/2026\/08\/31\/spacerownik-po-kole-i-okolicy\/\">Czytaj dalej <span class=\"screen-reader-text\">Spacerownik po Kole i okolicy<\/span><\/a><\/p>\n","protected":false},"author":1,"featured_media":342,"comment_status":"open","ping_status":"open","sticky":false,"template":"","format":"standard","meta":{"footnotes":""},"categories":[16,9],"tags":[18,23,14],"class_list":["post-339","post","type-post","status-publish","format-standard","has-post-thumbnail","hentry","category-aktualnosci","category-wydawnictwa","tag-publikacja","tag-wydawnictwo","tag-zwiedzanie","entry"],"_links":{"self":[{"href":"https:\/\/www.przyjaciolmkola.pl\/index.php\/wp-json\/wp\/v2\/posts\/339","targetHints":{"allow":["GET"]}}],"collection":[{"href":"https:\/\/www.przyjaciolmkola.pl\/index.php\/wp-json\/wp\/v2\/posts"}],"about":[{"href":"https:\/\/www.przyjaciolmkola.pl\/index.php\/wp-json\/wp\/v2\/types\/post"}],"author":[{"embeddable":true,"href":"https:\/\/www.przyjaciolmkola.pl\/index.php\/wp-json\/wp\/v2\/users\/1"}],"replies":[{"embeddable":true,"href":"https:\/\/www.przyjaciolmkola.pl\/index.php\/wp-json\/wp\/v2\/comments?post=339"}],"version-history":[{"count":1,"href":"https:\/\/www.przyjaciolmkola.pl\/index.php\/wp-json\/wp\/v2\/posts\/339\/revisions"}],"predecessor-version":[{"id":341,"href":"https:\/\/www.przyjaciolmkola.pl\/index.php\/wp-json\/wp\/v2\/posts\/339\/revisions\/341"}],"wp:featuredmedia":[{"embeddable":true,"href":"https:\/\/www.przyjaciolmkola.pl\/index.php\/wp-json\/wp\/v2\/media\/342"}],"wp:attachment":[{"href":"https:\/\/www.przyjaciolmkola.pl\/index.php\/wp-json\/wp\/v2\/media?parent=339"}],"wp:term":[{"taxonomy":"category","embeddable":true,"href":"https:\/\/www.przyjaciolmkola.pl\/index.php\/wp-json\/wp\/v2\/categories?post=339"},{"taxonomy":"post_tag","embeddable":true,"href":"https:\/\/www.przyjaciolmkola.pl\/index.php\/wp-json\/wp\/v2\/tags?post=339"}],"curies":[{"name":"wp","href":"https:\/\/api.w.org\/{rel}","templated":true}]}}